{"id":18295,"date":"2023-10-27T12:05:47","date_gmt":"2023-10-27T10:05:47","guid":{"rendered":"https:\/\/compositic-inprogress.com\/atelier-eco-conception-acv\/"},"modified":"2023-10-27T12:05:47","modified_gmt":"2023-10-27T10:05:47","slug":"atelier-eco-conception-acv","status":"publish","type":"post","link":"https:\/\/compositic.fr\/en\/atelier-eco-conception-acv\/","title":{"rendered":"Atelier \u00e9co-conception &#038; ACV"},"content":{"rendered":"<p><strong>Dans le cadre des ATELIERS TECH, INNOZH Composite co-organise avec le p\u00f4le EMC2 et ComposiTIC une rencontre d\u00e9di\u00e9e \u00e0 l\u2019\u00e9co-conception et l\u2019Analyse de cycle de vie des mat\u00e9riaux.<\/strong><\/p>\n<p>Une matin\u00e9e en 2 parties centr\u00e9e sur l\u2019\u00e9co-conception et l\u2019ACV avec des interventions d\u2019experts qui cadreront et d\u00e9finiront les deux concepts et les perspectives qu\u2019ils offrent ; l\u2019int\u00e9gration et la mise en \u0153uvre seront \u00e9galement des sujets cl\u00e9s de cette matin\u00e9e, trait\u00e9s au travers des retours d\u2019exp\u00e9rience et t\u00e9moignages de professionnels.<br \/>\nUn cocktail cl\u00f4turera la matin\u00e9e, permettant de poursuivre les \u00e9changes en toute convivialit\u00e9.<br \/>\nUn atelier de mise en situation sera anim\u00e9 par le p\u00f4le Eco-Conception l\u2019apr\u00e8s-midi.<\/p>\n<ul>\n<li><strong>Information et inscription :<\/strong>\u00a0<a href=\"https:\/\/www.innozh.fr\/rencontres-scientifiques-techniques-eco-conception\/\" target=\"_blank\" rel=\"noopener noreferrer\">https:\/\/www.innozh.fr\/rencontres-scientifiques-techniques-eco-conception\/<\/a><\/li>\n<\/ul>\n","protected":false},"excerpt":{"rendered":"<p>Dans le cadre des ATELIERS TECH, INNOZH Composite co-organise avec le p\u00f4le EMC2 et ComposiTIC une rencontre d\u00e9di\u00e9e \u00e0 l\u2019\u00e9co-conception et l\u2019Analyse de cycle de vie des mat\u00e9riaux. Une matin\u00e9e en 2 parties centr\u00e9e sur l\u2019\u00e9co-conception et l\u2019ACV avec des interventions d\u2019experts qui cadreront et d\u00e9finiront les deux concepts et les perspectives qu\u2019ils offrent ;&#8230;<\/p>\n","protected":false},"author":2,"featured_media":18166,"comment_status":"open","ping_status":"open","sticky":false,"template":"","format":"standard","meta":{"_acf_changed":false,"footnotes":""},"categories":[62],"tags":[],"class_list":["post-18295","post","type-post","status-publish","format-standard","has-post-thumbnail","hentry","category-events"],"acf":[],"yoast_head":"<!-- This site is optimized with the Yoast SEO plugin v27.5 - https:\/\/yoast.com\/product\/yoast-seo-wordpress\/ -->\n<title>Atelier \u00e9co-conception &amp; ACV - Compositic<\/title>\n<meta name=\"robots\" content=\"index, follow, max-snippet:-1, max-image-preview:large, max-video-preview:-1\" \/>\n<link rel=\"canonical\" href=\"https:\/\/compositic.fr\/en\/atelier-eco-conception-acv\/\" \/>\n<meta property=\"og:locale\" content=\"en_US\" \/>\n<meta property=\"og:type\" content=\"article\" \/>\n<meta property=\"og:title\" content=\"Atelier \u00e9co-conception &amp; ACV - Compositic\" \/>\n<meta property=\"og:description\" content=\"Dans le cadre des ATELIERS TECH, INNOZH Composite co-organise avec le p\u00f4le EMC2 et ComposiTIC une rencontre d\u00e9di\u00e9e \u00e0 l\u2019\u00e9co-conception et l\u2019Analyse de cycle de vie des mat\u00e9riaux. Une matin\u00e9e en 2 parties centr\u00e9e sur l\u2019\u00e9co-conception et l\u2019ACV avec des interventions d\u2019experts qui cadreront et d\u00e9finiront les deux concepts et les perspectives qu\u2019ils offrent ;...\" \/>\n<meta property=\"og:url\" content=\"https:\/\/compositic.fr\/en\/atelier-eco-conception-acv\/\" \/>\n<meta property=\"og:site_name\" content=\"Compositic\" \/>\n<meta property=\"article:publisher\" content=\"https:\/\/www.facebook.com\/composiTIC\/\" \/>\n<meta property=\"article:published_time\" content=\"2023-10-27T10:05:47+00:00\" \/>\n<meta property=\"og:image\" content=\"https:\/\/compositic.fr\/wp-content\/uploads\/2023\/10\/2_eco-conception-ACV-23.11-1024x576-1.jpg\" \/>\n\t<meta property=\"og:image:width\" content=\"1024\" \/>\n\t<meta property=\"og:image:height\" content=\"576\" \/>\n\t<meta property=\"og:image:type\" content=\"image\/jpeg\" \/>\n<meta name=\"author\" content=\"claire.allanos@univ-ubs.fr\" \/>\n<meta name=\"twitter:card\" content=\"summary_large_image\" \/>\n<meta name=\"twitter:creator\" content=\"@compositic\" \/>\n<meta name=\"twitter:site\" content=\"@compositic\" \/>\n<meta name=\"twitter:label1\" content=\"Written by\" \/>\n\t<meta name=\"twitter:data1\" content=\"claire.allanos@univ-ubs.fr\" \/>\n\t<meta name=\"twitter:label2\" content=\"Est. reading time\" \/>\n\t<meta name=\"twitter:data2\" content=\"1 minute\" \/>\n<script type=\"application\/ld+json\" class=\"yoast-schema-graph\">{\"@context\":\"https:\\\/\\\/schema.org\",\"@graph\":[{\"@type\":\"Article\",\"@id\":\"https:\\\/\\\/compositic.fr\\\/en\\\/atelier-eco-conception-acv\\\/#article\",\"isPartOf\":{\"@id\":\"https:\\\/\\\/compositic.fr\\\/en\\\/atelier-eco-conception-acv\\\/\"},\"author\":{\"name\":\"claire.allanos@univ-ubs.fr\",\"@id\":\"https:\\\/\\\/compositic.fr\\\/#\\\/schema\\\/person\\\/b62e9e997dea9ff42558c2306cdccf49\"},\"headline\":\"Atelier \u00e9co-conception &#038; ACV\",\"datePublished\":\"2023-10-27T10:05:47+00:00\",\"mainEntityOfPage\":{\"@id\":\"https:\\\/\\\/compositic.fr\\\/en\\\/atelier-eco-conception-acv\\\/\"},\"wordCount\":139,\"commentCount\":0,\"publisher\":{\"@id\":\"https:\\\/\\\/compositic.fr\\\/#organization\"},\"image\":{\"@id\":\"https:\\\/\\\/compositic.fr\\\/en\\\/atelier-eco-conception-acv\\\/#primaryimage\"},\"thumbnailUrl\":\"https:\\\/\\\/compositic.fr\\\/wp-content\\\/uploads\\\/2023\\\/10\\\/2_eco-conception-ACV-23.11-1024x576-1.jpg\",\"articleSection\":[\"Events\"],\"inLanguage\":\"en-US\"},{\"@type\":\"WebPage\",\"@id\":\"https:\\\/\\\/compositic.fr\\\/en\\\/atelier-eco-conception-acv\\\/\",\"url\":\"https:\\\/\\\/compositic.fr\\\/en\\\/atelier-eco-conception-acv\\\/\",\"name\":\"Atelier \u00e9co-conception & ACV - Compositic\",\"isPartOf\":{\"@id\":\"https:\\\/\\\/compositic.fr\\\/#website\"},\"primaryImageOfPage\":{\"@id\":\"https:\\\/\\\/compositic.fr\\\/en\\\/atelier-eco-conception-acv\\\/#primaryimage\"},\"image\":{\"@id\":\"https:\\\/\\\/compositic.fr\\\/en\\\/atelier-eco-conception-acv\\\/#primaryimage\"},\"thumbnailUrl\":\"https:\\\/\\\/compositic.fr\\\/wp-content\\\/uploads\\\/2023\\\/10\\\/2_eco-conception-ACV-23.11-1024x576-1.jpg\",\"datePublished\":\"2023-10-27T10:05:47+00:00\",\"breadcrumb\":{\"@id\":\"https:\\\/\\\/compositic.fr\\\/en\\\/atelier-eco-conception-acv\\\/#breadcrumb\"},\"inLanguage\":\"en-US\",\"potentialAction\":[{\"@type\":\"ReadAction\",\"target\":[\"https:\\\/\\\/compositic.fr\\\/en\\\/atelier-eco-conception-acv\\\/\"]}]},{\"@type\":\"ImageObject\",\"inLanguage\":\"en-US\",\"@id\":\"https:\\\/\\\/compositic.fr\\\/en\\\/atelier-eco-conception-acv\\\/#primaryimage\",\"url\":\"https:\\\/\\\/compositic.fr\\\/wp-content\\\/uploads\\\/2023\\\/10\\\/2_eco-conception-ACV-23.11-1024x576-1.jpg\",\"contentUrl\":\"https:\\\/\\\/compositic.fr\\\/wp-content\\\/uploads\\\/2023\\\/10\\\/2_eco-conception-ACV-23.11-1024x576-1.jpg\",\"width\":1024,\"height\":576},{\"@type\":\"BreadcrumbList\",\"@id\":\"https:\\\/\\\/compositic.fr\\\/en\\\/atelier-eco-conception-acv\\\/#breadcrumb\",\"itemListElement\":[{\"@type\":\"ListItem\",\"position\":1,\"name\":\"Accueil\",\"item\":\"https:\\\/\\\/compositic.fr\\\/en\\\/\"},{\"@type\":\"ListItem\",\"position\":2,\"name\":\"Atelier \u00e9co-conception &#038; ACV\"}]},{\"@type\":\"WebSite\",\"@id\":\"https:\\\/\\\/compositic.fr\\\/#website\",\"url\":\"https:\\\/\\\/compositic.fr\\\/\",\"name\":\"Compositic\",\"description\":\"Polym\u00e8res et Composites Innovants\",\"publisher\":{\"@id\":\"https:\\\/\\\/compositic.fr\\\/#organization\"},\"potentialAction\":[{\"@type\":\"SearchAction\",\"target\":{\"@type\":\"EntryPoint\",\"urlTemplate\":\"https:\\\/\\\/compositic.fr\\\/?s={search_term_string}\"},\"query-input\":{\"@type\":\"PropertyValueSpecification\",\"valueRequired\":true,\"valueName\":\"search_term_string\"}}],\"inLanguage\":\"en-US\"},{\"@type\":\"Organization\",\"@id\":\"https:\\\/\\\/compositic.fr\\\/#organization\",\"name\":\"Compositic\",\"url\":\"https:\\\/\\\/compositic.fr\\\/\",\"logo\":{\"@type\":\"ImageObject\",\"inLanguage\":\"en-US\",\"@id\":\"https:\\\/\\\/compositic.fr\\\/#\\\/schema\\\/logo\\\/image\\\/\",\"url\":\"https:\\\/\\\/compositic.fr\\\/wp-content\\\/uploads\\\/2023\\\/06\\\/logo-compositic-rvb.png\",\"contentUrl\":\"https:\\\/\\\/compositic.fr\\\/wp-content\\\/uploads\\\/2023\\\/06\\\/logo-compositic-rvb.png\",\"width\":1270,\"height\":462,\"caption\":\"Compositic\"},\"image\":{\"@id\":\"https:\\\/\\\/compositic.fr\\\/#\\\/schema\\\/logo\\\/image\\\/\"},\"sameAs\":[\"https:\\\/\\\/www.facebook.com\\\/composiTIC\\\/\",\"https:\\\/\\\/x.com\\\/compositic\",\"https:\\\/\\\/www.youtube.com\\\/user\\\/compositic\",\"https:\\\/\\\/fr.linkedin.com\\\/company\\\/compositic\"]},{\"@type\":\"Person\",\"@id\":\"https:\\\/\\\/compositic.fr\\\/#\\\/schema\\\/person\\\/b62e9e997dea9ff42558c2306cdccf49\",\"name\":\"claire.allanos@univ-ubs.fr\",\"image\":{\"@type\":\"ImageObject\",\"inLanguage\":\"en-US\",\"@id\":\"https:\\\/\\\/secure.gravatar.com\\\/avatar\\\/2b7362f09a33fd8e055d87866455b68babacda43b21f6058f945064af4353f4d?s=96&d=mm&r=g\",\"url\":\"https:\\\/\\\/secure.gravatar.com\\\/avatar\\\/2b7362f09a33fd8e055d87866455b68babacda43b21f6058f945064af4353f4d?s=96&d=mm&r=g\",\"contentUrl\":\"https:\\\/\\\/secure.gravatar.com\\\/avatar\\\/2b7362f09a33fd8e055d87866455b68babacda43b21f6058f945064af4353f4d?s=96&d=mm&r=g\",\"caption\":\"claire.allanos@univ-ubs.fr\"},\"url\":\"https:\\\/\\\/compositic.fr\\\/en\\\/author\\\/claire-allanosuniv-ubs-fr\\\/\"}]}<\/script>\n<!-- \/ Yoast SEO plugin. -->","yoast_head_json":{"title":"Atelier \u00e9co-conception & ACV - Compositic","robots":{"index":"index","follow":"follow","max-snippet":"max-snippet:-1","max-image-preview":"max-image-preview:large","max-video-preview":"max-video-preview:-1"},"canonical":"https:\/\/compositic.fr\/en\/atelier-eco-conception-acv\/","og_locale":"en_US","og_type":"article","og_title":"Atelier \u00e9co-conception & ACV - Compositic","og_description":"Dans le cadre des ATELIERS TECH, INNOZH Composite co-organise avec le p\u00f4le EMC2 et ComposiTIC une rencontre d\u00e9di\u00e9e \u00e0 l\u2019\u00e9co-conception et l\u2019Analyse de cycle de vie des mat\u00e9riaux. Une matin\u00e9e en 2 parties centr\u00e9e sur l\u2019\u00e9co-conception et l\u2019ACV avec des interventions d\u2019experts qui cadreront et d\u00e9finiront les deux concepts et les perspectives qu\u2019ils offrent ;...","og_url":"https:\/\/compositic.fr\/en\/atelier-eco-conception-acv\/","og_site_name":"Compositic","article_publisher":"https:\/\/www.facebook.com\/composiTIC\/","article_published_time":"2023-10-27T10:05:47+00:00","og_image":[{"width":1024,"height":576,"url":"https:\/\/compositic.fr\/wp-content\/uploads\/2023\/10\/2_eco-conception-ACV-23.11-1024x576-1.jpg","type":"image\/jpeg"}],"author":"claire.allanos@univ-ubs.fr","twitter_card":"summary_large_image","twitter_creator":"@compositic","twitter_site":"@compositic","twitter_misc":{"Written by":"claire.allanos@univ-ubs.fr","Est. reading time":"1 minute"},"schema":{"@context":"https:\/\/schema.org","@graph":[{"@type":"Article","@id":"https:\/\/compositic.fr\/en\/atelier-eco-conception-acv\/#article","isPartOf":{"@id":"https:\/\/compositic.fr\/en\/atelier-eco-conception-acv\/"},"author":{"name":"claire.allanos@univ-ubs.fr","@id":"https:\/\/compositic.fr\/#\/schema\/person\/b62e9e997dea9ff42558c2306cdccf49"},"headline":"Atelier \u00e9co-conception &#038; ACV","datePublished":"2023-10-27T10:05:47+00:00","mainEntityOfPage":{"@id":"https:\/\/compositic.fr\/en\/atelier-eco-conception-acv\/"},"wordCount":139,"commentCount":0,"publisher":{"@id":"https:\/\/compositic.fr\/#organization"},"image":{"@id":"https:\/\/compositic.fr\/en\/atelier-eco-conception-acv\/#primaryimage"},"thumbnailUrl":"https:\/\/compositic.fr\/wp-content\/uploads\/2023\/10\/2_eco-conception-ACV-23.11-1024x576-1.jpg","articleSection":["Events"],"inLanguage":"en-US"},{"@type":"WebPage","@id":"https:\/\/compositic.fr\/en\/atelier-eco-conception-acv\/","url":"https:\/\/compositic.fr\/en\/atelier-eco-conception-acv\/","name":"Atelier \u00e9co-conception & ACV - Compositic","isPartOf":{"@id":"https:\/\/compositic.fr\/#website"},"primaryImageOfPage":{"@id":"https:\/\/compositic.fr\/en\/atelier-eco-conception-acv\/#primaryimage"},"image":{"@id":"https:\/\/compositic.fr\/en\/atelier-eco-conception-acv\/#primaryimage"},"thumbnailUrl":"https:\/\/compositic.fr\/wp-content\/uploads\/2023\/10\/2_eco-conception-ACV-23.11-1024x576-1.jpg","datePublished":"2023-10-27T10:05:47+00:00","breadcrumb":{"@id":"https:\/\/compositic.fr\/en\/atelier-eco-conception-acv\/#breadcrumb"},"inLanguage":"en-US","potentialAction":[{"@type":"ReadAction","target":["https:\/\/compositic.fr\/en\/atelier-eco-conception-acv\/"]}]},{"@type":"ImageObject","inLanguage":"en-US","@id":"https:\/\/compositic.fr\/en\/atelier-eco-conception-acv\/#primaryimage","url":"https:\/\/compositic.fr\/wp-content\/uploads\/2023\/10\/2_eco-conception-ACV-23.11-1024x576-1.jpg","contentUrl":"https:\/\/compositic.fr\/wp-content\/uploads\/2023\/10\/2_eco-conception-ACV-23.11-1024x576-1.jpg","width":1024,"height":576},{"@type":"BreadcrumbList","@id":"https:\/\/compositic.fr\/en\/atelier-eco-conception-acv\/#breadcrumb","itemListElement":[{"@type":"ListItem","position":1,"name":"Accueil","item":"https:\/\/compositic.fr\/en\/"},{"@type":"ListItem","position":2,"name":"Atelier \u00e9co-conception &#038; ACV"}]},{"@type":"WebSite","@id":"https:\/\/compositic.fr\/#website","url":"https:\/\/compositic.fr\/","name":"Compositic","description":"Polym\u00e8res et Composites Innovants","publisher":{"@id":"https:\/\/compositic.fr\/#organization"},"potentialAction":[{"@type":"SearchAction","target":{"@type":"EntryPoint","urlTemplate":"https:\/\/compositic.fr\/?s={search_term_string}"},"query-input":{"@type":"PropertyValueSpecification","valueRequired":true,"valueName":"search_term_string"}}],"inLanguage":"en-US"},{"@type":"Organization","@id":"https:\/\/compositic.fr\/#organization","name":"Compositic","url":"https:\/\/compositic.fr\/","logo":{"@type":"ImageObject","inLanguage":"en-US","@id":"https:\/\/compositic.fr\/#\/schema\/logo\/image\/","url":"https:\/\/compositic.fr\/wp-content\/uploads\/2023\/06\/logo-compositic-rvb.png","contentUrl":"https:\/\/compositic.fr\/wp-content\/uploads\/2023\/06\/logo-compositic-rvb.png","width":1270,"height":462,"caption":"Compositic"},"image":{"@id":"https:\/\/compositic.fr\/#\/schema\/logo\/image\/"},"sameAs":["https:\/\/www.facebook.com\/composiTIC\/","https:\/\/x.com\/compositic","https:\/\/www.youtube.com\/user\/compositic","https:\/\/fr.linkedin.com\/company\/compositic"]},{"@type":"Person","@id":"https:\/\/compositic.fr\/#\/schema\/person\/b62e9e997dea9ff42558c2306cdccf49","name":"claire.allanos@univ-ubs.fr","image":{"@type":"ImageObject","inLanguage":"en-US","@id":"https:\/\/secure.gravatar.com\/avatar\/2b7362f09a33fd8e055d87866455b68babacda43b21f6058f945064af4353f4d?s=96&d=mm&r=g","url":"https:\/\/secure.gravatar.com\/avatar\/2b7362f09a33fd8e055d87866455b68babacda43b21f6058f945064af4353f4d?s=96&d=mm&r=g","contentUrl":"https:\/\/secure.gravatar.com\/avatar\/2b7362f09a33fd8e055d87866455b68babacda43b21f6058f945064af4353f4d?s=96&d=mm&r=g","caption":"claire.allanos@univ-ubs.fr"},"url":"https:\/\/compositic.fr\/en\/author\/claire-allanosuniv-ubs-fr\/"}]}},"_links":{"self":[{"href":"https:\/\/compositic.fr\/en\/wp-json\/wp\/v2\/posts\/18295","targetHints":{"allow":["GET"]}}],"collection":[{"href":"https:\/\/compositic.fr\/en\/wp-json\/wp\/v2\/posts"}],"about":[{"href":"https:\/\/compositic.fr\/en\/wp-json\/wp\/v2\/types\/post"}],"author":[{"embeddable":true,"href":"https:\/\/compositic.fr\/en\/wp-json\/wp\/v2\/users\/2"}],"replies":[{"embeddable":true,"href":"https:\/\/compositic.fr\/en\/wp-json\/wp\/v2\/comments?post=18295"}],"version-history":[{"count":0,"href":"https:\/\/compositic.fr\/en\/wp-json\/wp\/v2\/posts\/18295\/revisions"}],"wp:featuredmedia":[{"embeddable":true,"href":"https:\/\/compositic.fr\/en\/wp-json\/wp\/v2\/media\/18166"}],"wp:attachment":[{"href":"https:\/\/compositic.fr\/en\/wp-json\/wp\/v2\/media?parent=18295"}],"wp:term":[{"taxonomy":"category","embeddable":true,"href":"https:\/\/compositic.fr\/en\/wp-json\/wp\/v2\/categories?post=18295"},{"taxonomy":"post_tag","embeddable":true,"href":"https:\/\/compositic.fr\/en\/wp-json\/wp\/v2\/tags?post=18295"}],"curies":[{"name":"wp","href":"https:\/\/api.w.org\/{rel}","templated":true}]}}